{"id":4950,"date":"2014-02-18T11:01:33","date_gmt":"2014-02-18T09:01:33","guid":{"rendered":"http:\/\/cubica.dk\/?p=4950"},"modified":"2014-11-18T11:26:31","modified_gmt":"2014-11-18T09:26:31","slug":"inspiration-til-billedvaeggen-og-gallerihylden","status":"publish","type":"post","link":"https:\/\/www.cubica.dk\/?p=4950","title":{"rendered":"Inspiration til billedv\u00e6ggen og gallerihylden"},"content":{"rendered":"<p dir=\"ltr\">Er du til det enkelte, det farverige, natur eller helt klassiske?<br \/>\nHos Aurea.dk og Dimaria.dk kan du finde inspiration til din personlige billedv\u00e6g uanset hvilken stil du er til.<\/p>\n<p dir=\"ltr\">Hvad med vores vores helt egen serie af dekorative tr\u00e6skilte med tekst? Skiltene har vi selv designet og f\u00e5et produceret herhjemme i Danmark. Tr\u00e6pladen er fremstillet af finer af genbrugstr\u00e6 og det serigrafiske tryk er h\u00e5ndlavet. Hvert tr\u00e6skilt m\u00e5ler 12 x 16,5 cm. De kan k\u00f8bes hos <a href=\"http:\/\/www.dimaria.dk\/shop\/traeskilte-med-serigrafisk-16c1.html\">DiMaria.dk<\/a><\/p>\n<div id=\"attachment_4952\" style=\"width: 310px\" class=\"wp-caption alignnone\"><a href=\"http:\/\/www.dimaria.dk\/default.asp?mode=showproductcat&amp;catid=686\"><img loading=\"lazy\" decoding=\"async\" aria-describedby=\"caption-attachment-4952\" class=\"size-medium wp-image-4952\" src=\"http:\/\/cubica.dk\/wp-content\/uploads\/2014\/02\/traeskilte_dimaria_chocolate_understands_450-300x300.jpg\" alt=\"Tr\u00e6skilte med citater\" width=\"300\" height=\"300\" srcset=\"https:\/\/www.cubica.dk\/wp-content\/uploads\/2014\/02\/traeskilte_dimaria_chocolate_understands_450-300x300.jpg 300w, https:\/\/www.cubica.dk\/wp-content\/uploads\/2014\/02\/traeskilte_dimaria_chocolate_understands_450-150x150.jpg 150w, https:\/\/www.cubica.dk\/wp-content\/uploads\/2014\/02\/traeskilte_dimaria_chocolate_understands_450.jpg 450w\" sizes=\"auto, (max-width: 300px) 100vw, 300px\" \/><\/a><p id=\"caption-attachment-4952\" class=\"wp-caption-text\">Tr\u00e6skilte med citater<\/p><\/div>\n<p><span style=\"line-height: 1.5em;\">M\u00e5ske er det vores en af vores plakater, du mangler for at give v\u00e6ggen liv og personlighed? Vi designer vores plakater til st\u00f8rrelserne 50&#215;70 cm og 30&#215;40 cm. hvilket er standard st\u00f8rrelser, som du altid kan finde rammer til. Vi s\u00e6lger ogs\u00e5 alle vores plakater i ramme, hvis du vil bruge vores. Vi bruger en klassisk tr\u00e6-ramme i sort eller hvid med akryl front, s\u00e5 den kan sendes med posten uden at g\u00e5 i stykker. Du kan se alle vores plakater p\u00e5 <\/span><a style=\"line-height: 1.5em;\" href=\"http:\/\/www.aurea.dk\/shop\/frontpage.html\">Aurea.dk<\/a><span style=\"line-height: 1.5em;\"> \u00a0og udvalgte designs p\u00e5 <\/span><a style=\"line-height: 1.5em;\" href=\"http:\/\/www.dimaria.dk\/shop\/plakater-med-citater-92c1.html\">DiMaria.dk<\/a><span style=\"line-height: 1.5em;\">.<\/span><\/p>\n<div id=\"attachment_4887\" style=\"width: 224px\" class=\"wp-caption alignnone\"><a href=\"http:\/\/www.aurea.dk\/shop\/plakat-blinkende-lygter-1692p.html\"><img loading=\"lazy\" decoding=\"async\" aria-describedby=\"caption-attachment-4887\" class=\"size-medium wp-image-4887\" src=\"http:\/\/cubica.dk\/wp-content\/uploads\/2013\/11\/plakat_blinkendelygter_blaa-214x300.jpg\" alt=\"Plakat med Blinkende Lygter citater\" width=\"214\" height=\"300\" srcset=\"https:\/\/www.cubica.dk\/wp-content\/uploads\/2013\/11\/plakat_blinkendelygter_blaa-214x300.jpg 214w, https:\/\/www.cubica.dk\/wp-content\/uploads\/2013\/11\/plakat_blinkendelygter_blaa.jpg 400w\" sizes=\"auto, (max-width: 214px) 100vw, 214px\" \/><\/a><p id=\"caption-attachment-4887\" class=\"wp-caption-text\">Plakat med Blinkende Lygter citater<\/p><\/div>\n<p dir=\"ltr\">Er du p\u00e5 udkig efter nogle mindre billeder, har vi et stort udvalg af postkort, som vi s\u00e6lger i sampaks der passer sammen. Vi kalder dem minigalleri og du kan finde det helt store udvalg lige her: <a href=\"http:\/\/www.aurea.dk\/shop\/minigalleri-postkort-7c1.html\">Postkort<\/a>.<\/p>\n<div id=\"attachment_4927\" style=\"width: 310px\" class=\"wp-caption alignnone\"><a href=\"http:\/\/www.aurea.dk\/shop\/minigalleri-postkort-1673p.html\"><img loading=\"lazy\" decoding=\"async\" aria-describedby=\"caption-attachment-4927\" class=\"size-medium wp-image-4927\" src=\"http:\/\/cubica.dk\/wp-content\/uploads\/2014\/01\/minigalleri_postkort_naa_maalet_2-300x300.jpg\" alt=\"MiniGalleri postkort &quot;N\u00e5 m\u00e5let&quot;\" width=\"300\" height=\"300\" srcset=\"https:\/\/www.cubica.dk\/wp-content\/uploads\/2014\/01\/minigalleri_postkort_naa_maalet_2-300x300.jpg 300w, https:\/\/www.cubica.dk\/wp-content\/uploads\/2014\/01\/minigalleri_postkort_naa_maalet_2-150x150.jpg 150w, https:\/\/www.cubica.dk\/wp-content\/uploads\/2014\/01\/minigalleri_postkort_naa_maalet_2.jpg 600w\" sizes=\"auto, (max-width: 300px) 100vw, 300px\" \/><\/a><p id=\"caption-attachment-4927\" class=\"wp-caption-text\">MiniGalleri postkort &#8220;N\u00e5 m\u00e5let&#8221;<\/p><\/div>\n<p dir=\"ltr\">P\u00e5 Aurea.dk s\u00e6lger vi desuden ogs\u00e5 et udvalg af sm\u00e5 plakater i str 18&#215;24 med illustrationer vores dygtige illustrator Mette har lavet. Dem kan du finde her. <a href=\"http:\/\/www.aurea.dk\/shop\/aurea-illustrationer-45c1.html\">Illustrationer<\/a><\/p>\n<div id=\"attachment_4953\" style=\"width: 310px\" class=\"wp-caption alignnone\"><a href=\"http:\/\/www.aurea.dk\/shop\/illustration-bag-skyerne-1648p.html\"><img loading=\"lazy\" decoding=\"async\" aria-describedby=\"caption-attachment-4953\" class=\"size-medium wp-image-4953\" src=\"http:\/\/cubica.dk\/wp-content\/uploads\/2014\/02\/aurea_plakat_bag_skyerne-300x300.jpg\" alt=\"Bag skyerne er himlen altid bl\u00e5\" width=\"300\" height=\"300\" srcset=\"https:\/\/www.cubica.dk\/wp-content\/uploads\/2014\/02\/aurea_plakat_bag_skyerne-300x300.jpg 300w, https:\/\/www.cubica.dk\/wp-content\/uploads\/2014\/02\/aurea_plakat_bag_skyerne-150x150.jpg 150w, https:\/\/www.cubica.dk\/wp-content\/uploads\/2014\/02\/aurea_plakat_bag_skyerne.jpg 600w\" sizes=\"auto, (max-width: 300px) 100vw, 300px\" \/><\/a><p id=\"caption-attachment-4953\" class=\"wp-caption-text\">Bag skyerne er himlen altid bl\u00e5<\/p><\/div>\n<p dir=\"ltr\">Er du p\u00e5 udkig efter noget helt anderledes har vi fundet p\u00e5 disse oph\u00e6ng, som vi f\u00e5r lasersk\u00e5ret i sort karton. De leveres med snor, s\u00e5 du kan h\u00e6nge dem i vinduet, men du kan ogs\u00e5 v\u00e6lge at s\u00e6tte oph\u00e6ngene i ramme. Is\u00e6r i en passepartoutramme ser det godt ud, at der lige kommer en ekstra dimension p\u00e5, s\u00e5 det ikke bare er et fladt emne. Vores oph\u00e6ng finder du her: <a href=\"http:\/\/www.dimaria.dk\/shop\/uroer-ophaeng-i-9c1.html\">Oph\u00e6ng<\/a><\/p>\n<div id=\"attachment_4954\" style=\"width: 310px\" class=\"wp-caption alignnone\"><a href=\"http:\/\/www.dimaria.dk\/default.asp?mode=showproduct&amp;rid=42095\"><img loading=\"lazy\" decoding=\"async\" aria-describedby=\"caption-attachment-4954\" class=\"size-medium wp-image-4954\" src=\"http:\/\/cubica.dk\/wp-content\/uploads\/2014\/02\/uro_papophaeng_dimaria_engle_kan_flyve-2_450-300x300.jpg\" alt=\"Engle kan flyve oph\u00e6ng sat i ramme\" width=\"300\" height=\"300\" srcset=\"https:\/\/www.cubica.dk\/wp-content\/uploads\/2014\/02\/uro_papophaeng_dimaria_engle_kan_flyve-2_450-300x300.jpg 300w, https:\/\/www.cubica.dk\/wp-content\/uploads\/2014\/02\/uro_papophaeng_dimaria_engle_kan_flyve-2_450-150x150.jpg 150w, https:\/\/www.cubica.dk\/wp-content\/uploads\/2014\/02\/uro_papophaeng_dimaria_engle_kan_flyve-2_450.jpg 450w\" sizes=\"auto, (max-width: 300px) 100vw, 300px\" \/><\/a><p id=\"caption-attachment-4954\" class=\"wp-caption-text\">Engle kan flyve oph\u00e6ng sat i ramme<\/p><\/div>\n<p dir=\"ltr\">I vores tredje butik BOXdeLUX.dk s\u00e6lger vi desuden flere forskellige hylder og v\u00e6gh\u00e6ngte kasser du kan bruge til at s\u00e6tte dine billeder p\u00e5. Pr\u00f8v f.eks. at se her i <a href=\"http:\/\/www.boxdelux.dk\/shop\/bloomingville-bogkasser-393c1.html\">Bloomingville<\/a> kategorien<\/p>\n<div id=\"attachment_4955\" style=\"width: 310px\" class=\"wp-caption alignnone\"><a href=\"http:\/\/www.boxdelux.dk\/shop\/boghylde-fra-bloomingville--13151p.html\"><img loading=\"lazy\" decoding=\"async\" aria-describedby=\"caption-attachment-4955\" class=\"size-medium wp-image-4955\" src=\"http:\/\/cubica.dk\/wp-content\/uploads\/2014\/02\/reol_saettekasse_hvid_bloomingville-300x300.jpg\" alt=\"Reol til din billedv\u00e6g og pynteting\" width=\"300\" height=\"300\" srcset=\"https:\/\/www.cubica.dk\/wp-content\/uploads\/2014\/02\/reol_saettekasse_hvid_bloomingville-300x300.jpg 300w, https:\/\/www.cubica.dk\/wp-content\/uploads\/2014\/02\/reol_saettekasse_hvid_bloomingville-150x150.jpg 150w, https:\/\/www.cubica.dk\/wp-content\/uploads\/2014\/02\/reol_saettekasse_hvid_bloomingville.jpg 600w\" sizes=\"auto, (max-width: 300px) 100vw, 300px\" \/><\/a><p id=\"caption-attachment-4955\" class=\"wp-caption-text\">Reol til din billedv\u00e6g og pynteting<\/p><\/div>\n","protected":false},"excerpt":{"rendered":"<p>Er du til det enkelte, det farverige, natur eller helt klassiske? Hos Aurea.dk og Dimaria.dk kan du finde inspiration til din personlige billedv\u00e6g uanset hvilken stil du er til. Hvad med vores vores helt egen serie af dekorative tr\u00e6skilte med tekst? Skiltene har vi selv designet og f\u00e5et produceret herhjemme i Danmark. Tr\u00e6pladen er fremstillet [&hellip;]<\/p>\n","protected":false},"author":2,"featured_media":4955,"comment_status":"closed","ping_status":"closed","sticky":false,"template":"","format":"standard","meta":{"om_disable_all_campaigns":false,"_monsterinsights_skip_tracking":false,"_monsterinsights_sitenote_active":false,"_monsterinsights_sitenote_note":"","_monsterinsights_sitenote_category":0,"ngg_post_thumbnail":0,"footnotes":""},"categories":[3],"tags":[9,138,115,45,8,139],"class_list":["post-4950","post","type-post","status-publish","format-standard","has-post-thumbnail","hentry","category-blog","tag-aurea","tag-billedvaeg","tag-bloomingville","tag-boxdelux","tag-dimaria","tag-gallerihylde"],"aioseo_notices":[],"_links":{"self":[{"href":"https:\/\/www.cubica.dk\/index.php?rest_route=\/wp\/v2\/posts\/4950","targetHints":{"allow":["GET"]}}],"collection":[{"href":"https:\/\/www.cubica.dk\/index.php?rest_route=\/wp\/v2\/posts"}],"about":[{"href":"https:\/\/www.cubica.dk\/index.php?rest_route=\/wp\/v2\/types\/post"}],"author":[{"embeddable":true,"href":"https:\/\/www.cubica.dk\/index.php?rest_route=\/wp\/v2\/users\/2"}],"replies":[{"embeddable":true,"href":"https:\/\/www.cubica.dk\/index.php?rest_route=%2Fwp%2Fv2%2Fcomments&post=4950"}],"version-history":[{"count":4,"href":"https:\/\/www.cubica.dk\/index.php?rest_route=\/wp\/v2\/posts\/4950\/revisions"}],"predecessor-version":[{"id":5576,"href":"https:\/\/www.cubica.dk\/index.php?rest_route=\/wp\/v2\/posts\/4950\/revisions\/5576"}],"wp:featuredmedia":[{"embeddable":true,"href":"https:\/\/www.cubica.dk\/index.php?rest_route=\/wp\/v2\/media\/4955"}],"wp:attachment":[{"href":"https:\/\/www.cubica.dk\/index.php?rest_route=%2Fwp%2Fv2%2Fmedia&parent=4950"}],"wp:term":[{"taxonomy":"category","embeddable":true,"href":"https:\/\/www.cubica.dk\/index.php?rest_route=%2Fwp%2Fv2%2Fcategories&post=4950"},{"taxonomy":"post_tag","embeddable":true,"href":"https:\/\/www.cubica.dk\/index.php?rest_route=%2Fwp%2Fv2%2Ftags&post=4950"}],"curies":[{"name":"wp","href":"https:\/\/api.w.org\/{rel}","templated":true}]}}