{"id":7358,"date":"2017-12-14T20:39:47","date_gmt":"2017-12-14T18:39:47","guid":{"rendered":"https:\/\/www.cubica.dk\/?p=7358"},"modified":"2017-12-14T20:41:14","modified_gmt":"2017-12-14T18:41:14","slug":"nye-modena-akryl-saettekasser","status":"publish","type":"post","link":"https:\/\/www.cubica.dk\/?p=7358","title":{"rendered":"Nye Modena akryl-s\u00e6ttekasser"},"content":{"rendered":"<p>Vi har udvidet vores popul\u00e6re Modena-designserie med hele 3 nye s\u00e6ttekasser i akryl. Vi havde i forvejen en meget popul\u00e6r s\u00e6ttekasse og vores 3 nye s\u00e6ttekasser er udviklet med de id\u00e9er og kommentarer vores flinke og venlige kunder er kommet med. Det betyder, at to af de nye s\u00e6ttekasser er kommet i dobbelt tykkelse, s\u00e5 der er ekstra go&#8217; plads.<\/p>\n<p><a href=\"https:\/\/www.boxdelux.dk\/shop\/modena-akrylvarer-454c1.html\">Se Modena S\u00e6ttekasser her<\/a><\/p>\n<p><img loading=\"lazy\" decoding=\"async\" class=\"alignnone size-full wp-image-7359\" src=\"https:\/\/www.cubica.dk\/wp-content\/uploads\/2017\/12\/modena-saettekasse-akryl-03.jpg\" alt=\"\" width=\"1080\" height=\"1080\" srcset=\"https:\/\/www.cubica.dk\/wp-content\/uploads\/2017\/12\/modena-saettekasse-akryl-03.jpg 1080w, https:\/\/www.cubica.dk\/wp-content\/uploads\/2017\/12\/modena-saettekasse-akryl-03-150x150.jpg 150w, https:\/\/www.cubica.dk\/wp-content\/uploads\/2017\/12\/modena-saettekasse-akryl-03-300x300.jpg 300w, https:\/\/www.cubica.dk\/wp-content\/uploads\/2017\/12\/modena-saettekasse-akryl-03-768x768.jpg 768w, https:\/\/www.cubica.dk\/wp-content\/uploads\/2017\/12\/modena-saettekasse-akryl-03-1024x1024.jpg 1024w, https:\/\/www.cubica.dk\/wp-content\/uploads\/2017\/12\/modena-saettekasse-akryl-03-55x55.jpg 55w, https:\/\/www.cubica.dk\/wp-content\/uploads\/2017\/12\/modena-saettekasse-akryl-03-165x165.jpg 165w, https:\/\/www.cubica.dk\/wp-content\/uploads\/2017\/12\/modena-saettekasse-akryl-03-263x263.jpg 263w, https:\/\/www.cubica.dk\/wp-content\/uploads\/2017\/12\/modena-saettekasse-akryl-03-360x360.jpg 360w, https:\/\/www.cubica.dk\/wp-content\/uploads\/2017\/12\/modena-saettekasse-akryl-03-720x720.jpg 720w\" sizes=\"auto, (max-width: 1080px) 100vw, 1080px\" \/><\/p>\n<p><img loading=\"lazy\" decoding=\"async\" class=\"alignnone size-full wp-image-7360\" src=\"https:\/\/www.cubica.dk\/wp-content\/uploads\/2017\/12\/modena-saettekasse-akryl-02.jpg\" alt=\"\" width=\"1080\" height=\"1080\" srcset=\"https:\/\/www.cubica.dk\/wp-content\/uploads\/2017\/12\/modena-saettekasse-akryl-02.jpg 1080w, https:\/\/www.cubica.dk\/wp-content\/uploads\/2017\/12\/modena-saettekasse-akryl-02-150x150.jpg 150w, https:\/\/www.cubica.dk\/wp-content\/uploads\/2017\/12\/modena-saettekasse-akryl-02-300x300.jpg 300w, https:\/\/www.cubica.dk\/wp-content\/uploads\/2017\/12\/modena-saettekasse-akryl-02-768x768.jpg 768w, https:\/\/www.cubica.dk\/wp-content\/uploads\/2017\/12\/modena-saettekasse-akryl-02-1024x1024.jpg 1024w, https:\/\/www.cubica.dk\/wp-content\/uploads\/2017\/12\/modena-saettekasse-akryl-02-55x55.jpg 55w, https:\/\/www.cubica.dk\/wp-content\/uploads\/2017\/12\/modena-saettekasse-akryl-02-165x165.jpg 165w, https:\/\/www.cubica.dk\/wp-content\/uploads\/2017\/12\/modena-saettekasse-akryl-02-263x263.jpg 263w, https:\/\/www.cubica.dk\/wp-content\/uploads\/2017\/12\/modena-saettekasse-akryl-02-360x360.jpg 360w, https:\/\/www.cubica.dk\/wp-content\/uploads\/2017\/12\/modena-saettekasse-akryl-02-720x720.jpg 720w\" sizes=\"auto, (max-width: 1080px) 100vw, 1080px\" \/><\/p>\n","protected":false},"excerpt":{"rendered":"<p>Vi har udvidet vores popul\u00e6re Modena-designserie med hele 3 nye s\u00e6ttekasser i akryl. Vi havde i forvejen en meget popul\u00e6r s\u00e6ttekasse og vores 3 nye s\u00e6ttekasser er udviklet med de id\u00e9er og kommentarer vores flinke og venlige kunder er kommet med. Det betyder, at to af de nye s\u00e6ttekasser er kommet i dobbelt tykkelse, s\u00e5 [&hellip;]<\/p>\n","protected":false},"author":1,"featured_media":7361,"comment_status":"closed","ping_status":"closed","sticky":false,"template":"","format":"standard","meta":{"om_disable_all_campaigns":false,"_monsterinsights_skip_tracking":false,"_monsterinsights_sitenote_active":false,"_monsterinsights_sitenote_note":"","_monsterinsights_sitenote_category":0,"ngg_post_thumbnail":0,"footnotes":""},"categories":[3],"tags":[39,45,229,154,351],"class_list":["post-7358","post","type-post","status-publish","format-standard","has-post-thumbnail","hentry","category-blog","tag-akryl","tag-boxdelux","tag-modena","tag-opbevaring","tag-saettekasse"],"aioseo_notices":[],"_links":{"self":[{"href":"https:\/\/www.cubica.dk\/index.php?rest_route=\/wp\/v2\/posts\/7358","targetHints":{"allow":["GET"]}}],"collection":[{"href":"https:\/\/www.cubica.dk\/index.php?rest_route=\/wp\/v2\/posts"}],"about":[{"href":"https:\/\/www.cubica.dk\/index.php?rest_route=\/wp\/v2\/types\/post"}],"author":[{"embeddable":true,"href":"https:\/\/www.cubica.dk\/index.php?rest_route=\/wp\/v2\/users\/1"}],"replies":[{"embeddable":true,"href":"https:\/\/www.cubica.dk\/index.php?rest_route=%2Fwp%2Fv2%2Fcomments&post=7358"}],"version-history":[{"count":1,"href":"https:\/\/www.cubica.dk\/index.php?rest_route=\/wp\/v2\/posts\/7358\/revisions"}],"predecessor-version":[{"id":7362,"href":"https:\/\/www.cubica.dk\/index.php?rest_route=\/wp\/v2\/posts\/7358\/revisions\/7362"}],"wp:featuredmedia":[{"embeddable":true,"href":"https:\/\/www.cubica.dk\/index.php?rest_route=\/wp\/v2\/media\/7361"}],"wp:attachment":[{"href":"https:\/\/www.cubica.dk\/index.php?rest_route=%2Fwp%2Fv2%2Fmedia&parent=7358"}],"wp:term":[{"taxonomy":"category","embeddable":true,"href":"https:\/\/www.cubica.dk\/index.php?rest_route=%2Fwp%2Fv2%2Fcategories&post=7358"},{"taxonomy":"post_tag","embeddable":true,"href":"https:\/\/www.cubica.dk\/index.php?rest_route=%2Fwp%2Fv2%2Ftags&post=7358"}],"curies":[{"name":"wp","href":"https:\/\/api.w.org\/{rel}","templated":true}]}}