{"id":7395,"date":"2018-02-15T20:27:07","date_gmt":"2018-02-15T18:27:07","guid":{"rendered":"https:\/\/www.cubica.dk\/?p=7395"},"modified":"2018-03-08T09:31:44","modified_gmt":"2018-03-08T07:31:44","slug":"plakatrammer-i-flere-stoerrelser-a2-og-a3","status":"publish","type":"post","link":"https:\/\/www.cubica.dk\/?p=7395","title":{"rendered":"Plakatrammer i flere st\u00f8rrelser A2 og A3"},"content":{"rendered":"<p>I vores plakatbutik har vi netop udvidet vores popul\u00e6re serie af tr\u00e6rammer til plakater med flere st\u00f8rrelser. Nu kan du ogs\u00e5 f\u00e5 <a href=\"https:\/\/www.aurea.dk\/shop\/ramme-i-trae-3710p.html\">A2 rammer<\/a> og <a href=\"https:\/\/www.aurea.dk\/shop\/ramme-i-trae-3694p.html\">A3 rammer<\/a>. Klassiske tr\u00e6rammer der indrammer motivet p\u00e5 smukkeste vis uden at tage fokus.&nbsp;<\/p>\n<p>A2 rammerne passer perfekt til plakaterne fra Koustrup og Co med motiver fra planter og blomster i den nordiske natur.&nbsp;<\/p>\n<p><a href=\"https:\/\/www.aurea.dk\/shop\/ramme-i-trae-3691p.html\"><img loading=\"lazy\" decoding=\"async\" class=\"aligncenter size-medium wp-image-7397\" src=\"https:\/\/www.cubica.dk\/wp-content\/uploads\/2018\/02\/q08-300x300.jpg\" alt=\"\" width=\"300\" height=\"300\" srcset=\"https:\/\/www.cubica.dk\/wp-content\/uploads\/2018\/02\/q08-300x300.jpg 300w, https:\/\/www.cubica.dk\/wp-content\/uploads\/2018\/02\/q08-150x150.jpg 150w, https:\/\/www.cubica.dk\/wp-content\/uploads\/2018\/02\/q08-55x55.jpg 55w, https:\/\/www.cubica.dk\/wp-content\/uploads\/2018\/02\/q08-165x165.jpg 165w, https:\/\/www.cubica.dk\/wp-content\/uploads\/2018\/02\/q08-263x263.jpg 263w, https:\/\/www.cubica.dk\/wp-content\/uploads\/2018\/02\/q08-360x360.jpg 360w, https:\/\/www.cubica.dk\/wp-content\/uploads\/2018\/02\/q08.jpg 600w\" sizes=\"auto, (max-width: 300px) 100vw, 300px\" \/><\/a><\/p>\n<p>Vores A2 plakater finder du her<\/p>\n<p><a href=\"https:\/\/www.aurea.dk\/shop\/ramme-i-trae-3691p.html\"><img loading=\"lazy\" decoding=\"async\" class=\"aligncenter size-medium wp-image-7398\" src=\"https:\/\/www.cubica.dk\/wp-content\/uploads\/2018\/02\/A2_ramme_sorttrae-300x300.jpg\" alt=\"\" width=\"300\" height=\"300\" srcset=\"https:\/\/www.cubica.dk\/wp-content\/uploads\/2018\/02\/A2_ramme_sorttrae-300x300.jpg 300w, https:\/\/www.cubica.dk\/wp-content\/uploads\/2018\/02\/A2_ramme_sorttrae-150x150.jpg 150w, https:\/\/www.cubica.dk\/wp-content\/uploads\/2018\/02\/A2_ramme_sorttrae-55x55.jpg 55w, https:\/\/www.cubica.dk\/wp-content\/uploads\/2018\/02\/A2_ramme_sorttrae-165x165.jpg 165w, https:\/\/www.cubica.dk\/wp-content\/uploads\/2018\/02\/A2_ramme_sorttrae-263x263.jpg 263w, https:\/\/www.cubica.dk\/wp-content\/uploads\/2018\/02\/A2_ramme_sorttrae-360x360.jpg 360w, https:\/\/www.cubica.dk\/wp-content\/uploads\/2018\/02\/A2_ramme_sorttrae.jpg 600w\" sizes=\"auto, (max-width: 300px) 100vw, 300px\" \/><\/a><\/p>\n<p>og A3 plakaterne finder du her:<\/p>\n<p><a href=\"https:\/\/www.aurea.dk\/shop\/ramme-i-trae-3694p.html\"><img loading=\"lazy\" decoding=\"async\" class=\"aligncenter size-medium wp-image-7399\" src=\"https:\/\/www.cubica.dk\/wp-content\/uploads\/2018\/02\/A3Ramme_sort-300x300.jpg\" alt=\"\" width=\"300\" height=\"300\" srcset=\"https:\/\/www.cubica.dk\/wp-content\/uploads\/2018\/02\/A3Ramme_sort-300x300.jpg 300w, https:\/\/www.cubica.dk\/wp-content\/uploads\/2018\/02\/A3Ramme_sort-150x150.jpg 150w, https:\/\/www.cubica.dk\/wp-content\/uploads\/2018\/02\/A3Ramme_sort-55x55.jpg 55w, https:\/\/www.cubica.dk\/wp-content\/uploads\/2018\/02\/A3Ramme_sort-165x165.jpg 165w, https:\/\/www.cubica.dk\/wp-content\/uploads\/2018\/02\/A3Ramme_sort-263x263.jpg 263w, https:\/\/www.cubica.dk\/wp-content\/uploads\/2018\/02\/A3Ramme_sort-360x360.jpg 360w, https:\/\/www.cubica.dk\/wp-content\/uploads\/2018\/02\/A3Ramme_sort.jpg 600w\" sizes=\"auto, (max-width: 300px) 100vw, 300px\" \/><\/a><\/p>\n<p>&nbsp;<\/p>\n<p>&nbsp;<\/p>\n<p>&nbsp;<\/p>\n","protected":false},"excerpt":{"rendered":"<p>I vores plakatbutik har vi netop udvidet vores popul\u00e6re serie af tr\u00e6rammer til plakater med flere st\u00f8rrelser. Nu kan du ogs\u00e5 f\u00e5 A2 rammer og A3 rammer. Klassiske tr\u00e6rammer der indrammer motivet p\u00e5 smukkeste vis uden at tage fokus.&nbsp; A2 rammerne passer perfekt til plakaterne fra Koustrup og Co med motiver fra planter og blomster [&hellip;]<\/p>\n","protected":false},"author":2,"featured_media":7397,"comment_status":"closed","ping_status":"closed","sticky":false,"template":"","format":"standard","meta":{"om_disable_all_campaigns":false,"_monsterinsights_skip_tracking":false,"_monsterinsights_sitenote_active":false,"_monsterinsights_sitenote_note":"","_monsterinsights_sitenote_category":0,"ngg_post_thumbnail":0,"footnotes":""},"categories":[3],"tags":[5,337],"class_list":["post-7395","post","type-post","status-publish","format-standard","has-post-thumbnail","hentry","category-blog","tag-plakat","tag-ramme"],"aioseo_notices":[],"_links":{"self":[{"href":"https:\/\/www.cubica.dk\/index.php?rest_route=\/wp\/v2\/posts\/7395","targetHints":{"allow":["GET"]}}],"collection":[{"href":"https:\/\/www.cubica.dk\/index.php?rest_route=\/wp\/v2\/posts"}],"about":[{"href":"https:\/\/www.cubica.dk\/index.php?rest_route=\/wp\/v2\/types\/post"}],"author":[{"embeddable":true,"href":"https:\/\/www.cubica.dk\/index.php?rest_route=\/wp\/v2\/users\/2"}],"replies":[{"embeddable":true,"href":"https:\/\/www.cubica.dk\/index.php?rest_route=%2Fwp%2Fv2%2Fcomments&post=7395"}],"version-history":[{"count":1,"href":"https:\/\/www.cubica.dk\/index.php?rest_route=\/wp\/v2\/posts\/7395\/revisions"}],"predecessor-version":[{"id":7400,"href":"https:\/\/www.cubica.dk\/index.php?rest_route=\/wp\/v2\/posts\/7395\/revisions\/7400"}],"wp:featuredmedia":[{"embeddable":true,"href":"https:\/\/www.cubica.dk\/index.php?rest_route=\/wp\/v2\/media\/7397"}],"wp:attachment":[{"href":"https:\/\/www.cubica.dk\/index.php?rest_route=%2Fwp%2Fv2%2Fmedia&parent=7395"}],"wp:term":[{"taxonomy":"category","embeddable":true,"href":"https:\/\/www.cubica.dk\/index.php?rest_route=%2Fwp%2Fv2%2Fcategories&post=7395"},{"taxonomy":"post_tag","embeddable":true,"href":"https:\/\/www.cubica.dk\/index.php?rest_route=%2Fwp%2Fv2%2Ftags&post=7395"}],"curies":[{"name":"wp","href":"https:\/\/api.w.org\/{rel}","templated":true}]}}